{"id":12578,"date":"2020-01-28T18:22:12","date_gmt":"2020-01-28T17:22:12","guid":{"rendered":"https:\/\/www.espronceda.net\/vr-ai-residency-opening-and-programe\/"},"modified":"2020-01-29T16:53:31","modified_gmt":"2020-01-29T15:53:31","slug":"vr-ai-residency-opening-and-programe","status":"publish","type":"post","link":"https:\/\/www.espronceda.net\/ca\/vr-ai-residency-opening-and-programe\/","title":{"rendered":"VR\/AI Residency opening and programe"},"content":{"rendered":"<p><img loading=\"lazy\" decoding=\"async\" class=\"alignnone wp-image-12601 size-full\" src=\"https:\/\/www.espronceda.net\/wp-content\/uploads\/2020\/01\/VR-residency-flyer-residence.jpg\" alt=\"\" width=\"1713\" height=\"768\" srcset=\"https:\/\/www.espronceda.net\/wp-content\/uploads\/2020\/01\/VR-residency-flyer-residence.jpg 1713w, https:\/\/www.espronceda.net\/wp-content\/uploads\/2020\/01\/VR-residency-flyer-residence-300x135.jpg 300w, https:\/\/www.espronceda.net\/wp-content\/uploads\/2020\/01\/VR-residency-flyer-residence-768x344.jpg 768w, https:\/\/www.espronceda.net\/wp-content\/uploads\/2020\/01\/VR-residency-flyer-residence-1024x459.jpg 1024w, https:\/\/www.espronceda.net\/wp-content\/uploads\/2020\/01\/VR-residency-flyer-residence-1280x574.jpg 1280w\" sizes=\"auto, (max-width: 1713px) 100vw, 1713px\" \/><\/p>\n<p>Programa de la Resid\u00e8ncia VR \/ AI 2020:<\/p>\n<p><strong>FEBRER<\/strong><\/p>\n<p><strong>4 dimarts:<\/strong> 18h &gt;&gt; 21h. Xerrada inaugural (nom\u00e9s per invitaci\u00f3)<\/p>\n<p><strong>5 dimecres:<\/strong> 10h &gt;&gt; 14h. Taller de llan\u00e7ament. Fundaci\u00f3 Epica.<\/p>\n<p><strong>6 dijous:<\/strong> 17 &gt;&gt; 19h. Hangar Open Day 17-19h (visita gratu\u00efta)<\/p>\n<p><strong>7 divendres:<\/strong> 11 &gt;&gt; 20h visita gratu\u00efta durant l&#8217;horari d&#8217;atenci\u00f3. CCCB Exposici\u00f3 de jugabilitat.<\/p>\n<p><strong>10 dilluns:<\/strong> 18h. Xerrada de Maria Merlet. Kinetika<\/p>\n<p><strong>11 dimarts:<\/strong> 16h &gt;&gt; 19h. Taller de projectes de realitat virtual. Nuromedia<\/p>\n<p><strong>12 dimecres:<\/strong> 11h. Visita Fab Lab. IAAC<\/p>\n<p><strong>13 dijous:<\/strong> 16h &gt;&gt; 19h. Taller AI. Integraci\u00f3 en projectes d&#8217;art.<\/p>\n<p><strong>14 divendres:<\/strong> 19h &gt;&gt; 23h visita gratu\u00efta durant les hores de festival. Festival LLUM.<\/p>\n<p><strong>18 dimarts:<\/strong> hora a definir. Visita a l&#8217;exposici\u00f3 Po\u00e8tica AI. IDEAL, Centre d&#8217;Art Digital<\/p>\n<p><strong>21 divendres:<\/strong> 15h &gt;&gt; 18h Presentaci\u00f3 de prototips. 19h &gt;&gt; 21h30 Inauguraci\u00f3 de l&#8217;exposici\u00f3.<\/p>\n<p>&nbsp;<\/p>\n<p><strong>Curadors:<\/strong><\/p>\n<p>Camille Baker, de la UCA, Santeri Soumien de el Centre H\u00e8lsinki XR i Ulrich Schrauth, de l&#8217;Festival VHRAM.<\/p>\n<p><strong>Artistes:<\/strong><\/p>\n<p>Shivani Hassard, Clarice Hilton, Uwe Brunner, Cenk Guzelis, Chiara Passa, Kris Pilcher, Lauren Moffatt,<\/p>\n<p>Luis R. Ruiz, Jos\u00e9 Carlos Florez, Joan Soler Adillon i Bettina Katja Lange.<\/p>\n","protected":false},"excerpt":{"rendered":"<p>Programa de la Resid\u00e8ncia VR \/ AI 2020: FEBRER 4 dimarts: 18h &gt;&gt; 21h. Xerrada inaugural (nom\u00e9s per invitaci\u00f3) 5 dimecres: 10h &gt;&gt; 14h. Taller de llan\u00e7ament. Fundaci\u00f3 Epica. 6 dijous: 17 &gt;&gt; 19h. Hangar Open Day 17-19h (visita gratu\u00efta) 7 divendres: 11 &gt;&gt; 20h visita gratu\u00efta durant l&#8217;horari d&#8217;atenci\u00f3. CCCB Exposici\u00f3 de jugabilitat. 10 dilluns: 18h. Xerrada de Maria [&hellip;]<\/p>\n","protected":false},"author":1,"featured_media":0,"comment_status":"open","ping_status":"open","sticky":false,"template":"","format":"standard","meta":{"footnotes":""},"categories":[26,45],"tags":[],"class_list":["post-12578","post","type-post","status-publish","format-standard","hentry","category-esdeveniments","category-upcoming-events-ca"],"_links":{"self":[{"href":"https:\/\/www.espronceda.net\/ca\/wp-json\/wp\/v2\/posts\/12578","targetHints":{"allow":["GET"]}}],"collection":[{"href":"https:\/\/www.espronceda.net\/ca\/wp-json\/wp\/v2\/posts"}],"about":[{"href":"https:\/\/www.espronceda.net\/ca\/wp-json\/wp\/v2\/types\/post"}],"author":[{"embeddable":true,"href":"https:\/\/www.espronceda.net\/ca\/wp-json\/wp\/v2\/users\/1"}],"replies":[{"embeddable":true,"href":"https:\/\/www.espronceda.net\/ca\/wp-json\/wp\/v2\/comments?post=12578"}],"version-history":[{"count":7,"href":"https:\/\/www.espronceda.net\/ca\/wp-json\/wp\/v2\/posts\/12578\/revisions"}],"predecessor-version":[{"id":12616,"href":"https:\/\/www.espronceda.net\/ca\/wp-json\/wp\/v2\/posts\/12578\/revisions\/12616"}],"wp:attachment":[{"href":"https:\/\/www.espronceda.net\/ca\/wp-json\/wp\/v2\/media?parent=12578"}],"wp:term":[{"taxonomy":"category","embeddable":true,"href":"https:\/\/www.espronceda.net\/ca\/wp-json\/wp\/v2\/categories?post=12578"},{"taxonomy":"post_tag","embeddable":true,"href":"https:\/\/www.espronceda.net\/ca\/wp-json\/wp\/v2\/tags?post=12578"}],"curies":[{"name":"wp","href":"https:\/\/api.w.org\/{rel}","templated":true}]}}