{"id":25569,"date":"2023-06-02T20:54:29","date_gmt":"2023-06-02T18:54:29","guid":{"rendered":"https:\/\/www.espronceda.net\/conferencia-internacional-immensiva\/"},"modified":"2023-06-06T18:18:11","modified_gmt":"2023-06-06T16:18:11","slug":"conferencia-internacional-immensiva","status":"publish","type":"post","link":"https:\/\/www.espronceda.net\/ca\/conferencia-internacional-immensiva\/","title":{"rendered":"CONFER\u00c8NCIA INTERNACIONAL IMMENSIVA"},"content":{"rendered":"<p><img loading=\"lazy\" decoding=\"async\" class=\"aligncenter wp-image-25565 size-medium\" src=\"https:\/\/www.espronceda.net\/wp-content\/uploads\/2023\/06\/Flyer_cat-300x218.png\" alt=\"\" width=\"300\" height=\"218\" srcset=\"https:\/\/www.espronceda.net\/wp-content\/uploads\/2023\/06\/Flyer_cat-300x218.png 300w, https:\/\/www.espronceda.net\/wp-content\/uploads\/2023\/06\/Flyer_cat-1024x745.png 1024w, https:\/\/www.espronceda.net\/wp-content\/uploads\/2023\/06\/Flyer_cat-768x559.png 768w, https:\/\/www.espronceda.net\/wp-content\/uploads\/2023\/06\/Flyer_cat-1536x1117.png 1536w, https:\/\/www.espronceda.net\/wp-content\/uploads\/2023\/06\/Flyer_cat-2048x1489.png 2048w, https:\/\/www.espronceda.net\/wp-content\/uploads\/2023\/06\/Flyer_cat-1280x931.png 1280w\" sizes=\"auto, (max-width: 300px) 100vw, 300px\" \/><\/p>\n<p>PROGRAMA:<\/p>\n<p><strong>DIMECRES DIA 7. De 10h30 a 16h30.<\/strong><\/p>\n<p>&nbsp;<\/p>\n<p><strong>1OH30-11H00.<\/strong> Recepci\u00f3 dels participants\/ caf\u00e8.<\/p>\n<p><strong>11h00-11h30.<\/strong> Key speaker. Confer\u00e8ncia inaugural<\/p>\n<p>Eleonora d\u2019Ascenzi. Immersive Storytelling and Transformative Design. Making a mark through a non-conventional perspective.<\/p>\n<p><strong>11h30-12h.<\/strong> Innovaci\u00f3 e impacte social. Diversos conferenciants.<\/p>\n<p>Institucions convidades: Neapolis, Fundaci\u00f3 \u00c8pica.<\/p>\n<p><strong>12h-12h30.<\/strong> Caf\u00e8 i networking.<\/p>\n<p><strong>12h30-13h00.<\/strong> Programes de suport als projectes inmersius i interactius. Presentaci\u00f3 de l\u2019activitat de institucions.<\/p>\n<p>Institucions convidades: CCCB, Casa Batll\u00f3, EURECAT, MWC Barcelona.<\/p>\n<p><strong>13h00-13h45.<\/strong> Debat. Projectes d\u2019impacte social.<\/p>\n<p>Institucions: Be Another Lab, Neapolis, Espronceda.<\/p>\n<p><strong>14h-15h30.<\/strong> Dinar amb artistes, tecn\u00f2legs, comissaris, investigadors, representants d\u2019institucions, universitats i estudiants. (Per invitaci\u00f3)<\/p>\n<p><strong>15h45-16h30.<\/strong> Visita amb els artistes a l\u2019exposici\u00f3 de projectes IMMENSIVA Resid\u00e8ncia 2023 i NUBIA Lab incubaci\u00f3 2023.<\/p>\n<p>&nbsp;<\/p>\n<p>&#8211;<\/p>\n<p><strong>SEPTEMBER,\u00a021. Ser\u00e0 publicat pr\u00f2ximament.<\/strong><\/p>\n<p>&nbsp;<\/p>\n<p><em><strong>Confer\u00e8ncia i tallers gratu\u00efts, places limitades. Inscripcions al email: alejandro@espronceda.net<\/strong><\/em><\/p>\n","protected":false},"excerpt":{"rendered":"<p>PROGRAMA: DIMECRES DIA 7. De 10h30 a 16h30. &nbsp; 1OH30-11H00. Recepci\u00f3 dels participants\/ caf\u00e8. 11h00-11h30. Key speaker. Confer\u00e8ncia inaugural Eleonora d\u2019Ascenzi. Immersive Storytelling and Transformative Design. Making a mark through a non-conventional perspective. 11h30-12h. Innovaci\u00f3 e impacte social. Diversos conferenciants. Institucions convidades: Neapolis, Fundaci\u00f3 \u00c8pica. 12h-12h30. Caf\u00e8 i networking. 12h30-13h00. Programes de suport als projectes inmersius i interactius. Presentaci\u00f3 de [&hellip;]<\/p>\n","protected":false},"author":24,"featured_media":0,"comment_status":"open","ping_status":"open","sticky":false,"template":"","format":"standard","meta":{"footnotes":""},"categories":[26],"tags":[],"class_list":["post-25569","post","type-post","status-publish","format-standard","hentry","category-esdeveniments"],"_links":{"self":[{"href":"https:\/\/www.espronceda.net\/ca\/wp-json\/wp\/v2\/posts\/25569","targetHints":{"allow":["GET"]}}],"collection":[{"href":"https:\/\/www.espronceda.net\/ca\/wp-json\/wp\/v2\/posts"}],"about":[{"href":"https:\/\/www.espronceda.net\/ca\/wp-json\/wp\/v2\/types\/post"}],"author":[{"embeddable":true,"href":"https:\/\/www.espronceda.net\/ca\/wp-json\/wp\/v2\/users\/24"}],"replies":[{"embeddable":true,"href":"https:\/\/www.espronceda.net\/ca\/wp-json\/wp\/v2\/comments?post=25569"}],"version-history":[{"count":5,"href":"https:\/\/www.espronceda.net\/ca\/wp-json\/wp\/v2\/posts\/25569\/revisions"}],"predecessor-version":[{"id":25597,"href":"https:\/\/www.espronceda.net\/ca\/wp-json\/wp\/v2\/posts\/25569\/revisions\/25597"}],"wp:attachment":[{"href":"https:\/\/www.espronceda.net\/ca\/wp-json\/wp\/v2\/media?parent=25569"}],"wp:term":[{"taxonomy":"category","embeddable":true,"href":"https:\/\/www.espronceda.net\/ca\/wp-json\/wp\/v2\/categories?post=25569"},{"taxonomy":"post_tag","embeddable":true,"href":"https:\/\/www.espronceda.net\/ca\/wp-json\/wp\/v2\/tags?post=25569"}],"curies":[{"name":"wp","href":"https:\/\/api.w.org\/{rel}","templated":true}]}}