{"id":26011,"date":"2023-09-18T16:27:21","date_gmt":"2023-09-18T14:27:21","guid":{"rendered":"https:\/\/www.espronceda.net\/nubia-lab-incubacio\/"},"modified":"2023-10-04T18:41:33","modified_gmt":"2023-10-04T16:41:33","slug":"nubia-lab-incubacio","status":"publish","type":"post","link":"https:\/\/www.espronceda.net\/ca\/nubia-lab-incubacio\/","title":{"rendered":"Nubia Lab &#8211; Incubaci\u00f3"},"content":{"rendered":"<div class=\"lqd-simple-heading-wrap ld_simple_heading_65085d263efb2\">\n<h2 class=\"lqd-simple-heading\" style=\"text-align: center;\"><strong>BASES: OPEN CALL NUBIA LAB \u2013 INCUBACI\u00d3<\/strong><\/h2>\n<p><img loading=\"lazy\" decoding=\"async\" class=\"aligncenter wp-image-26053 size-large\" src=\"https:\/\/www.espronceda.net\/wp-content\/uploads\/2023\/09\/unnamed-1-724x1024.png\" alt=\"\" width=\"724\" height=\"1024\" srcset=\"https:\/\/www.espronceda.net\/wp-content\/uploads\/2023\/09\/unnamed-1-724x1024.png 724w, https:\/\/www.espronceda.net\/wp-content\/uploads\/2023\/09\/unnamed-1-212x300.png 212w, https:\/\/www.espronceda.net\/wp-content\/uploads\/2023\/09\/unnamed-1-768x1086.png 768w, https:\/\/www.espronceda.net\/wp-content\/uploads\/2023\/09\/unnamed-1-1086x1536.png 1086w, https:\/\/www.espronceda.net\/wp-content\/uploads\/2023\/09\/unnamed-1-1280x1810.png 1280w, https:\/\/www.espronceda.net\/wp-content\/uploads\/2023\/09\/unnamed-1.png 1414w\" sizes=\"auto, (max-width: 724px) 100vw, 724px\" \/><\/p>\n<\/div>\n<p><img loading=\"lazy\" decoding=\"async\" class=\"size-medium wp-image-25906 aligncenter\" src=\"https:\/\/www.espronceda.net\/wp-content\/uploads\/2023\/09\/Nubia-logo-gradient-234x300.png\" alt=\"\" width=\"234\" height=\"300\" srcset=\"https:\/\/www.espronceda.net\/wp-content\/uploads\/2023\/09\/Nubia-logo-gradient-234x300.png 234w, https:\/\/www.espronceda.net\/wp-content\/uploads\/2023\/09\/Nubia-logo-gradient-799x1024.png 799w, https:\/\/www.espronceda.net\/wp-content\/uploads\/2023\/09\/Nubia-logo-gradient-768x984.png 768w, https:\/\/www.espronceda.net\/wp-content\/uploads\/2023\/09\/Nubia-logo-gradient.png 904w\" sizes=\"auto, (max-width: 234px) 100vw, 234px\" \/><\/p>\n<p>&nbsp;<\/p>\n<p>APPLY NOW: <a href=\"https:\/\/docs.google.com\/forms\/d\/e\/1FAIpQLSeaDk4WzVBl2TiGcM4x8OFYusAdZO4n9lqymVVUXkR-Eo5P5g\/viewform\">CONVOCAT\u00d2RIA OBERTA: NUBIA LAB INCUBACI\u00d3 2023 (google.com)<\/a><\/p>\n<p>&nbsp;<\/p>\n<div>NUBiA\u00a0LAB\u00a0INCUBACI\u00d3\u00a0consisteix en un programa d&#8217;incubaci\u00f3 de creatius\/artistes locals per a ajudar al desenvolupament de projectes innovadors mentre s\u00f3n tutoritzats i convidats a tallers en l&#8217;\u00e0mbit tecnol\u00f2gic i art\u00edstic per diversos mentors,<\/div>\n<div>a m\u00e9s d&#8217;una posterior exposici\u00f3 i selecci\u00f3 de projectes comissariats. Aix\u00ed, els projectes tindran l&#8217;oportunitat d&#8217;incorporar-se a la plataforma www.nubia.world.<\/div>\n<div><\/div>\n<div>\n<div>Pr\u00e8viament, es realitzar\u00e0 una selecci\u00f3 de 4 projectes a incubar liderats per artistes i creatius locals a partir de la convocat\u00f2ria promoguda a trav\u00e9s de les xarxes socials.<\/div>\n<div>La resid\u00e8ncia tindr\u00e0 lloc en l&#8217;Institut d&#8217;Art i Cultura ESPRONCEDA i comptar\u00e0 amb tots els serveis necessaris per al possible sojorn de l&#8217;equip durant el dia.<\/div>\n<div>\n<p>El per\u00edode d&#8217;incubaci\u00f3 ser\u00e0 mixt: presencial i en l\u00ednia, en funci\u00f3 de la disponibilitat del participant. Del 18 de oct. a novembre de 2023.<\/p>\n<p>El proc\u00e9s d&#8217;incubaci\u00f3 tindr\u00e0 una durada de 8 setmanes en les quals els participants desenvoluparan els seus projectes dels\u00a0Metavers\u00a0i altres realitats mixtes dins dels seus equips.<\/p>\n<\/div>\n<div>\n<p>NUBIA\u00a0compta amb equips tecnol\u00f2gics per al desenvolupament aix\u00ed com un proc\u00e9s de\u00a0mentoring\u00a0amb experts de la ind\u00fastria i professors que seguiran els projectes i oferiran la seva ajuda en cada tema.<\/p>\n<p>Finalment, per\u00f2 no menys important, cada artista rebr\u00e0 una beca de 200 euros. I una quantia de 1500\u20ac per al projecte finalista resultant de la resid\u00e8ncia, aquest ser\u00e0 seleccionat per un jurat professional.<\/p>\n<\/div>\n<div><\/div>\n<\/div>\n<div><strong>Objectiu de la convocat\u00f2ria<\/strong><br \/>\nGenerar projectes innovadors que actu\u00efn com a liminars entre el m\u00f3n f\u00edsic i el digital.<\/div>\n<div>Presentar davant un jurat coordinat per\u00a0NUBIA\u00a0diferents projectes relacionats amb el\u00a0Metaverso,\u00a0Web3,\u00a0Blockchain<wbr \/>, Realitat Virtual, Realitat Estesa, Intel\u00b7lig\u00e8ncia Artificial, entre altres.<\/div>\n<div>\n<p>Finalment, participar en l&#8217;exposici\u00f3 final en la galeria d&#8217;art de l&#8217;Institut d&#8217;Art i Cultura Espronceda.<\/p>\n<p>Convidar a nous artistes i creatius, seleccionats per un jurat professional, a formar part de la comunitat\u00a0NUBIA,<\/p>\n<\/div>\n<div>en la qual pujarem el seu perfil a la web i quedar\u00e0 registrat el projecte. Els projectes que aconsegueixin el nivell adequat podran ser convidats a participar en exposicions posteriors en Espronceda o en altres centres associats.<\/div>\n<div><\/div>\n<div><strong>Proc\u00e9s de selecci\u00f3<\/strong><br \/>\nLes convocat\u00f2ries estan obertes a candidats de tota Catalunya que tinguin coneixements de tecnologies avan\u00e7ades (qualsevol nivell),<\/div>\n<div>i que tinguin una formaci\u00f3 art\u00edstica, creativa o t\u00e8cnica. La convocat\u00f2ria es publicar\u00e0 el 23 d&#8217;agost de 2023 i romandr\u00e0 oberta fins al 10 October.<\/div>\n<div>La selecci\u00f3 de la convocat\u00f2ria oberta s&#8217;anunciar\u00e0 poc despr\u00e9s que l&#8217;usuari envi\u00ef el seu\u00a0portfolio\u00a0i la seva proposta.<\/div>\n<div>\n<p>Afavoreix a joves creatius i artistes que estiguin interessats o cursant estudis de grau o universitaris vinculats a la creaci\u00f3 i les noves tecnologies.<\/p>\n<p><strong>Com puc presentar-me a aquesta proposta?<\/strong><br \/>\n\u00c9s molt senzill, has d&#8217;emplenar el seg\u00fcent formulari i t&#8217;enviarem un e-mail quan acceptem la teva proposada\/candidatura!<\/p>\n<\/div>\n<div><\/div>\n<div><a href=\"https:\/\/docs.google.com\/forms\/d\/e\/1faipqlseadk4wzvbl2tigcm4x8ofyusadzo4n9lqymvvuxkr-eo5p5g\/viewform?usp=sf_link\" target=\"_blank\" rel=\"noopener\" data-saferedirecturl=\"https:\/\/www.google.com\/url?q=https:\/\/docs.google.com\/forms\/d\/e\/1faipqlseadk4wzvbl2tigcm4x8ofyusadzo4n9lqymvvuxkr-eo5p5g\/viewform?usp%3Dsf_link&amp;source=gmail&amp;ust=1695756495079000&amp;usg=AOvVaw2iB6Co1nM9nL-NZbCBXRiU\">https:\/\/docs.google.com\/forms\/<wbr \/>d\/e\/<wbr \/>1faipqlseadk4wzvbl2tigcm4x8ofy<wbr \/>usadzo4n9lqymvvuxkr-eo5p5g\/<wbr \/>viewform?usp=sf_link<\/a><\/div>\n<p><strong>Evaluation criteria<\/strong><\/p>\n<p>NUBIA Lab is not just for artists, it is for all kinds of internal-disciplinary profiles that want to participate in Metavers projects. Among the various criteria are:<\/p>\n<p>Previous experience working with NFT\/blockchain projects.<br \/>\nKnowledge of immersive technologies, to later generate a Metaverse in the NUBIA \u00a0world.<br \/>\nArtistic concept of the proposal.<br \/>\nPeople who are willing to engage in a project and learn.<\/p>\n<div><\/div>\n<div><strong>Criteris d&#8217;avaluaci\u00f3<\/strong><br \/>\nNUBIA\u00a0Lab\u00a0no \u00e9s nom\u00e9s per a artistes, \u00e9s per a tota mena de perfils intern-disciplinessis que vulguin participar en projectes\u00a0Metavers.<\/div>\n<div>Entre els diferents criteris es troben:<br \/>\n-Experi\u00e8ncia pr\u00e8via treballant amb projectes\u00a0NFT\/*blockchain.<br \/>\n-Coneixement de tecnologies immersives, per a posteriorment generar un\u00a0Metaverso\u00a0en el m\u00f3n\u00a0NUBIA.<br \/>\n-Concepte art\u00edstic de la proposta.<br \/>\n-Persones amb ganes d&#8217;involucrar-se en un projecte i aprendre.<strong>Qu\u00e8 inclou la resid\u00e8ncia<\/strong><br \/>\nEls participants de\u00a0NUBIA\u00a0LAB\u00a0Incubaci\u00f3\u00a0tindran acc\u00e9s a la formaci\u00f3 de tallers en l\u00ednia i\u00a0eye-*catches\u00a0en tecnologies\u00a0Metaversas\u00a0<wbr \/>avan\u00e7ades gestionats per professionals del sector.<\/p>\n<\/div>\n<div>Es realitzaran tallers presencials i en l\u00ednia sobre tecnologies i compet\u00e8ncies clau per a endinsar-se en la creaci\u00f3 de\u00a0Metaversos.<\/div>\n<div>Aquests tallers seran duts a terme per professors o persones vinculades a les principals universitats de Catalunya o institucions, per exemple:<\/div>\n<div>-UB, UPC, UOC, Pompeu Fabra, Ramon Llull, UAB,\u00a0Neapolis\u00a0Vilanova,\u00a0Eureca<wbr \/>t,\u00a0Artificia,\u00a0Garage\u00a0Stories,\u00a0<wbr \/>Ircam, Royal\u00a0College\u00a0of\u00a0Art, etc.<\/div>\n<div>Tamb\u00e9 estan convidats experts internacionals i artistes consolidats i visionaris del\u00a0Metavers.<\/div>\n<p>&nbsp;<\/p>\n<div><strong>TALLERS PRESENCIALS I EN L\u00cdNIA<\/strong><br \/>\nEls tallers proposats s\u00f3n els seg\u00fcents (durada dels tallers de 2 a 4 hores cadascun, dates exactes per definir).<strong>Primera fase. Tallers de conceptualitzaci\u00f3.<\/strong><\/p>\n<\/div>\n<div>-Storytelling\u00a0per a instal\u00b7lacions immersives [\u00c0lex Gin\u00e9s (Ne\u00e0polis)].<\/div>\n<div>\n<p>-Impacte social en projectes [TBD].<\/p>\n<\/div>\n<div><strong>Segona fase. Tallers t\u00e8cnics.<\/strong><br \/>\n-Intel\u00b7lig\u00e8ncia Artificial Creativa [Javier, de\u00a0EURECAT].<br \/>\n-Realitat Augmentada [Kris\u00a0Pilcher]\n-Realitat Virtual [Fran\u00a0Macia\u00a0(UPF)]\n-H\u00e0ptica [Esen\u00a0(UPC)]\n-Programari\u00a0IRCAM\u00a0[Paola\u00a0Palum<wbr \/>bo\u00a0(IRCAM)]\n-Eines AI [Lisette\u00a0Remus\u00a0(Artificia)]<\/div>\n<div><strong>Tercera fase. Tallers de m\u00e0rqueting.<\/strong><br \/>\n-Model de negoci [Marta\u00a0Ordeig\u00a0(Garage\u00a0Stories)<wbr \/>].<br \/>\n-16 i 17 d&#8217;octubre: Gesti\u00f3 de projectes internacionals [Soliman\u00a0L\u00f3pez]\n-Mercats internacionals [Camille\u00a0Baker\u00a0(RCA)].<br \/>\n-Gesti\u00f3 empresarial [TBD]<\/div>\n<div>Els tallers brinden l&#8217;oportunitat de treballar a artistes creatius que no tenen acc\u00e9s a equips complexos, com a ulleres de realitat virtual,\u00a0ordinadors amb bones targetes gr\u00e0fiques o capacitat de c\u00e0lcul.<br \/>\nEls tallers, que es retransmetran en directe en l\u00ednia (a trav\u00e9s de YouTube), estaran oberts a un major nombre d&#8217;assistents i tamb\u00e9 podran consultar-se en el lloc web del projecte:\u00a0NUBIA. https:\/\/nubia.world\/<strong>TECNOLOGIA AVAN\u00c7ADA<\/strong><br \/>\nEspronceda disposa d&#8217;un nombre limitat d&#8217;equips: Auriculars\u00a0VR, ordinadors port\u00e0tils,\u00a0PCs, projectors, pantalles, altaveus, etc., que poden ser utilitzats per a l&#8217;exposici\u00f3 i desenvolupament del projecte.<\/p>\n<p><strong>EXPOSICI\u00d3<\/strong><br \/>\nEls projectes\u00a0Metavers\u00a0s&#8217;exposaran davant el jurat i el p\u00fablic assistent. Tamb\u00e9 s&#8217;anunciar\u00e0 el projecte guanyador i es lliurar\u00e0 el premi a la producci\u00f3.<\/p>\n<\/div>\n<div><\/div>\n<div><strong>Premis i beques<\/strong><br \/>\n1) Acc\u00e9s gratu\u00eft i il\u00b7limitat a l&#8217;equipament t\u00e8cnic de\u00a0Esporceda: ordinadors port\u00e0tils, ulleres de realitat virtual, projectors, pantalles LED, etc.<br \/>\n2) Allotjament en els espais de resid\u00e8ncia per a artistes creadors de fora de Barcelona.<br \/>\n3) Gasos de manteniment: 200 euros\/ Participant.<br \/>\n4) Premi final de 1500 euros per a la producci\u00f3 del projecte triat pel jurat.<strong>Obligacions<\/strong><br \/>\nEls participants en\u00a0NUBIA\u00a0estan obligats a difondre el programa\u00a0NUBIA\u00a0des del moment de la seva selecci\u00f3,<\/p>\n<\/div>\n<div>durant el seu proc\u00e9s de treball i despr\u00e9s d&#8217;aquest, utilitzant etiquetes i logotips facilitats per l&#8217;organitzaci\u00f3.<br \/>\nEls artistes hauran d&#8217;aportar una c\u00f2pia executable del projecte per a NUBIA,\u00a0 per al que podr\u00e0 requerir la seva instal\u00b7laci\u00f3 en un maquinari programari creat,\u00a0 aix\u00ed com lliurar una mem\u00f2ria amb la descripci\u00f3 del projecte i la seva descripci\u00f3 t\u00e8cnica per a la seva perfecta execuci\u00f3.<\/div>\n<div><\/div>\n","protected":false},"excerpt":{"rendered":"<p>BASES: OPEN CALL NUBIA LAB \u2013 INCUBACI\u00d3 &nbsp; APPLY NOW: CONVOCAT\u00d2RIA OBERTA: NUBIA LAB INCUBACI\u00d3 2023 (google.com) &nbsp; NUBiA\u00a0LAB\u00a0INCUBACI\u00d3\u00a0consisteix en un programa d&#8217;incubaci\u00f3 de creatius\/artistes locals per a ajudar al desenvolupament de projectes innovadors mentre s\u00f3n tutoritzats i convidats a tallers en l&#8217;\u00e0mbit tecnol\u00f2gic i art\u00edstic per diversos mentors, a m\u00e9s d&#8217;una posterior exposici\u00f3 i selecci\u00f3 de projectes comissariats. Aix\u00ed, [&hellip;]<\/p>\n","protected":false},"author":27,"featured_media":0,"comment_status":"open","ping_status":"open","sticky":false,"template":"","format":"standard","meta":{"footnotes":""},"categories":[3],"tags":[],"class_list":["post-26011","post","type-post","status-publish","format-standard","hentry","category-sense-categoria"],"_links":{"self":[{"href":"https:\/\/www.espronceda.net\/ca\/wp-json\/wp\/v2\/posts\/26011","targetHints":{"allow":["GET"]}}],"collection":[{"href":"https:\/\/www.espronceda.net\/ca\/wp-json\/wp\/v2\/posts"}],"about":[{"href":"https:\/\/www.espronceda.net\/ca\/wp-json\/wp\/v2\/types\/post"}],"author":[{"embeddable":true,"href":"https:\/\/www.espronceda.net\/ca\/wp-json\/wp\/v2\/users\/27"}],"replies":[{"embeddable":true,"href":"https:\/\/www.espronceda.net\/ca\/wp-json\/wp\/v2\/comments?post=26011"}],"version-history":[{"count":4,"href":"https:\/\/www.espronceda.net\/ca\/wp-json\/wp\/v2\/posts\/26011\/revisions"}],"predecessor-version":[{"id":26057,"href":"https:\/\/www.espronceda.net\/ca\/wp-json\/wp\/v2\/posts\/26011\/revisions\/26057"}],"wp:attachment":[{"href":"https:\/\/www.espronceda.net\/ca\/wp-json\/wp\/v2\/media?parent=26011"}],"wp:term":[{"taxonomy":"category","embeddable":true,"href":"https:\/\/www.espronceda.net\/ca\/wp-json\/wp\/v2\/categories?post=26011"},{"taxonomy":"post_tag","embeddable":true,"href":"https:\/\/www.espronceda.net\/ca\/wp-json\/wp\/v2\/tags?post=26011"}],"curies":[{"name":"wp","href":"https:\/\/api.w.org\/{rel}","templated":true}]}}