{"id":5019,"date":"2017-08-30T09:50:11","date_gmt":"2017-08-30T07:50:11","guid":{"rendered":"http:\/\/www.espronceda.net\/towards-the-best-contemporary-practice\/"},"modified":"2020-04-08T18:23:33","modified_gmt":"2020-04-08T16:23:33","slug":"towards-the-best-contemporary-practice","status":"publish","type":"post","link":"https:\/\/www.espronceda.net\/ca\/towards-the-best-contemporary-practice\/","title":{"rendered":"Roundtable @Hacia la buena pr\u00e1ctica contempor\u00e1nea: relaci\u00f3n entre las universidades y los centros de arte &#8211; Set 6, 18h"},"content":{"rendered":"<p><img loading=\"lazy\" decoding=\"async\" class=\"size-large wp-image-5017 aligncenter\" src=\"https:\/\/www.espronceda.net\/wp-content\/uploads\/2017\/08\/mesa-redonda-6-sept-2017-1-1024x724.jpg\" alt=\"\" width=\"1024\" height=\"724\" srcset=\"https:\/\/www.espronceda.net\/wp-content\/uploads\/2017\/08\/mesa-redonda-6-sept-2017-1-1024x724.jpg 1024w, https:\/\/www.espronceda.net\/wp-content\/uploads\/2017\/08\/mesa-redonda-6-sept-2017-1-300x212.jpg 300w, https:\/\/www.espronceda.net\/wp-content\/uploads\/2017\/08\/mesa-redonda-6-sept-2017-1-768x543.jpg 768w, https:\/\/www.espronceda.net\/wp-content\/uploads\/2017\/08\/mesa-redonda-6-sept-2017-1-1280x905.jpg 1280w\" sizes=\"auto, (max-width: 1024px) 100vw, 1024px\" \/><\/p>\n<p>&nbsp;<\/p>\n<p>Durant els \u00faltims dos anys Espronceda ha desenvolupat un nou projecte sobre la millor pr\u00e0ctica contempor\u00e0nia entre la Universitat de Belles Arts i el centre d&#8217;art. La idea principal \u00e9s crear una plataforma on estudiants \/ joves artistes puguin tenir la possibilitat d&#8217;investigar, reflexionar i crear nous projectes art\u00edstics i aprendre a treballar en la pressi\u00f3, la llibertat, la qualitat i la responsabilitat en la creaci\u00f3 d&#8217;un pont entre mercat de art i galeria. Aquesta taula rodona forma part d&#8217;una s\u00e8rie de debats iniciats l&#8217;any passat a ocasi\u00f3 de Art Nou. Gr\u00e0cies a l&#8217;experi\u00e8ncia de la Royal Academy of Arts de Londres, RUFA &#8211; Universitat de Belles Arts de Roma, la Reial Acad\u00e8mia de Belles Arts de Brussel\u00b7les, hem experimentat la import\u00e0ncia de les millors pr\u00e0ctiques contempor\u00e0nies per a una millor qualitat en l&#8217;art. Un dels resultats m\u00e9s significatius ha estat la creaci\u00f3 del Premi de resid\u00e8ncia Espronceda- Arba-ESA (Acad\u00e9mie Royale des Beaux-Arts de la Ville de Bruxelles- \u00c9cole sup\u00e9rieure donis Arts).<\/p>\n<p>El debat \u00e9s en cooperaci\u00f3 amb RUFA &#8211; Universitat de Belles Arts de Roma, Acad\u00e8mia Royale de Belles Arts de la Ciutat de Brussel\u00b7les &#8211; Escola Superior d&#8217;Arts i Premi Art Llacuna de Ven\u00e8cia.<\/p>\n<p>Confirma la teva pres\u00e8ncia i convida a altres a trav\u00e9s del nostre<strong><a href=\"https:\/\/www.facebook.com\/events\/1883203205340516\/?context=create&amp;previousaction=create&amp;ref=5&amp;page_id_source=100836586742160&amp;sid_create=235280636&amp;action_history=[%7B%22surface%22%3A%22create_dialog%22%2C%22mechanism%22%3A%22page_create_dialog%22%2C%22extra_data%22%3A[]%7D]&amp;has_source=1\"> esdeveniment de Facebook.<\/a><\/strong><\/p>\n<p class=\"p2\">\n","protected":false},"excerpt":{"rendered":"<p>&nbsp; Durant els \u00faltims dos anys Espronceda ha desenvolupat un nou projecte sobre la millor pr\u00e0ctica contempor\u00e0nia entre la Universitat de Belles Arts i el centre d&#8217;art. La idea principal \u00e9s crear una plataforma on estudiants \/ joves artistes puguin tenir la possibilitat d&#8217;investigar, reflexionar i crear nous projectes art\u00edstics i aprendre a treballar en la pressi\u00f3, la llibertat, la [&hellip;]<\/p>\n","protected":false},"author":1,"featured_media":0,"comment_status":"open","ping_status":"open","sticky":false,"template":"","format":"standard","meta":{"footnotes":""},"categories":[17],"tags":[],"class_list":["post-5019","post","type-post","status-publish","format-standard","hentry","category-taula-rodona"],"_links":{"self":[{"href":"https:\/\/www.espronceda.net\/ca\/wp-json\/wp\/v2\/posts\/5019","targetHints":{"allow":["GET"]}}],"collection":[{"href":"https:\/\/www.espronceda.net\/ca\/wp-json\/wp\/v2\/posts"}],"about":[{"href":"https:\/\/www.espronceda.net\/ca\/wp-json\/wp\/v2\/types\/post"}],"author":[{"embeddable":true,"href":"https:\/\/www.espronceda.net\/ca\/wp-json\/wp\/v2\/users\/1"}],"replies":[{"embeddable":true,"href":"https:\/\/www.espronceda.net\/ca\/wp-json\/wp\/v2\/comments?post=5019"}],"version-history":[{"count":5,"href":"https:\/\/www.espronceda.net\/ca\/wp-json\/wp\/v2\/posts\/5019\/revisions"}],"predecessor-version":[{"id":5032,"href":"https:\/\/www.espronceda.net\/ca\/wp-json\/wp\/v2\/posts\/5019\/revisions\/5032"}],"wp:attachment":[{"href":"https:\/\/www.espronceda.net\/ca\/wp-json\/wp\/v2\/media?parent=5019"}],"wp:term":[{"taxonomy":"category","embeddable":true,"href":"https:\/\/www.espronceda.net\/ca\/wp-json\/wp\/v2\/categories?post=5019"},{"taxonomy":"post_tag","embeddable":true,"href":"https:\/\/www.espronceda.net\/ca\/wp-json\/wp\/v2\/tags?post=5019"}],"curies":[{"name":"wp","href":"https:\/\/api.w.org\/{rel}","templated":true}]}}