{"id":12579,"date":"2020-01-28T18:22:12","date_gmt":"2020-01-28T17:22:12","guid":{"rendered":"https:\/\/www.espronceda.net\/vr-ai-residency-opening-and-programe\/"},"modified":"2020-01-29T16:46:20","modified_gmt":"2020-01-29T15:46:20","slug":"vr-ai-residency-opening-and-programe","status":"publish","type":"post","link":"https:\/\/www.espronceda.net\/es\/vr-ai-residency-opening-and-programe\/","title":{"rendered":"VR\/AI Residency opening and programe"},"content":{"rendered":"<p><img loading=\"lazy\" decoding=\"async\" class=\"alignnone wp-image-12600 size-full\" src=\"https:\/\/www.espronceda.net\/wp-content\/uploads\/2020\/01\/VR-residency-flyer-residence.jpg\" alt=\"\" width=\"1713\" height=\"768\" srcset=\"https:\/\/www.espronceda.net\/wp-content\/uploads\/2020\/01\/VR-residency-flyer-residence.jpg 1713w, https:\/\/www.espronceda.net\/wp-content\/uploads\/2020\/01\/VR-residency-flyer-residence-300x135.jpg 300w, https:\/\/www.espronceda.net\/wp-content\/uploads\/2020\/01\/VR-residency-flyer-residence-768x344.jpg 768w, https:\/\/www.espronceda.net\/wp-content\/uploads\/2020\/01\/VR-residency-flyer-residence-1024x459.jpg 1024w, https:\/\/www.espronceda.net\/wp-content\/uploads\/2020\/01\/VR-residency-flyer-residence-1280x574.jpg 1280w\" sizes=\"auto, (max-width: 1713px) 100vw, 1713px\" \/><\/p>\n<p>Programa de la Residencia VR \/ AI 2020:<\/p>\n<p><strong>FEBRERO<\/strong><\/p>\n<p><strong>4\u00a0 martes:<\/strong> 18h &gt;&gt; 21h. Charla inaugural (solo por invitaci\u00f3n)<\/p>\n<p><strong>5\u00a0 mi\u00e9rcoles:<\/strong> 10h &gt;&gt; 14h. Taller de lanzamiento. Fundaci\u00f3 Epica.<\/p>\n<p><strong>6\u00a0 jueves:<\/strong> 17 &gt;&gt; 19h. Hangar Open Day 17-19h (visita gratuita)<\/p>\n<p><strong>7\u00a0 viernes:<\/strong> 11 &gt;&gt; 20h visita gratuita durante el horario de atenci\u00f3n. CCCB Exposici\u00f3n de jugabilidad.<\/p>\n<p><strong>10\u00a0 lunes<\/strong>: 18h. Charla de Maria Almena. Kinetika<\/p>\n<p><strong>11\u00a0 martes<\/strong>: 16h &gt;&gt; 19h. Taller de proyectos de realidad virtual. Nuromedia<\/p>\n<p><strong>12\u00a0 mi\u00e9rcoles<\/strong>: 11h. Visita Fab Lab. IAAC<\/p>\n<p><strong>13\u00a0 jueves:<\/strong> 16h &gt;&gt; 19h. Taller AI. Integraci\u00f3n en proyectos de arte.<\/p>\n<p><strong>14 viernes:<\/strong> 19h &gt;&gt; 23h visita gratuita durante las horas del festival. Festival LLUM.<\/p>\n<p><strong>18 martes:<\/strong> hora a definir. Visita a la exposici\u00f3n Po\u00e9tica AI. IDEAL, Centro de Arte Digital<\/p>\n<p><strong>21 viernes:<\/strong> 15h &gt;&gt; 18h Presentaci\u00f3n de prototipos. 19h &gt;&gt; 21h30 Inauguraci\u00f3n de la exposici\u00f3n.<\/p>\n<p>&nbsp;<\/p>\n<p><strong>Curadores:<\/strong><\/p>\n<p>Camille Baker, de la UCA, Santeri Soumien del Centro Helsinki XR y Ulrich Schrauth, del Festival VHRAM.<\/p>\n<p><strong>Artistas:<\/strong><\/p>\n<p>Shivani Hassard, Clarice Hilton, Uwe Brunner, Cenk Guzelis, Chiara Passa, Kris Pilcher, Lauren Moffatt,<\/p>\n<p>Luis R. Ruiz, Jos\u00e9 Carlos Florez, Joan Soler Adillon y Bettina Katja Lange.<\/p>\n","protected":false},"excerpt":{"rendered":"<p>Programa de la Residencia VR \/ AI 2020: FEBRERO 4\u00a0 martes: 18h &gt;&gt; 21h. Charla inaugural (solo por invitaci\u00f3n) 5\u00a0 mi\u00e9rcoles: 10h &gt;&gt; 14h. Taller de lanzamiento. Fundaci\u00f3 Epica. 6\u00a0 jueves: 17 &gt;&gt; 19h. Hangar Open Day 17-19h (visita gratuita) 7\u00a0 viernes: 11 &gt;&gt; 20h visita gratuita durante el horario de atenci\u00f3n. CCCB Exposici\u00f3n de jugabilidad. 10\u00a0 lunes: 18h. Charla [&hellip;]<\/p>\n","protected":false},"author":1,"featured_media":0,"comment_status":"open","ping_status":"open","sticky":false,"template":"","format":"standard","meta":{"footnotes":""},"categories":[28,44],"tags":[],"class_list":["post-12579","post","type-post","status-publish","format-standard","hentry","category-eventos","category-upcoming-events-es"],"_links":{"self":[{"href":"https:\/\/www.espronceda.net\/es\/wp-json\/wp\/v2\/posts\/12579","targetHints":{"allow":["GET"]}}],"collection":[{"href":"https:\/\/www.espronceda.net\/es\/wp-json\/wp\/v2\/posts"}],"about":[{"href":"https:\/\/www.espronceda.net\/es\/wp-json\/wp\/v2\/types\/post"}],"author":[{"embeddable":true,"href":"https:\/\/www.espronceda.net\/es\/wp-json\/wp\/v2\/users\/1"}],"replies":[{"embeddable":true,"href":"https:\/\/www.espronceda.net\/es\/wp-json\/wp\/v2\/comments?post=12579"}],"version-history":[{"count":7,"href":"https:\/\/www.espronceda.net\/es\/wp-json\/wp\/v2\/posts\/12579\/revisions"}],"predecessor-version":[{"id":12614,"href":"https:\/\/www.espronceda.net\/es\/wp-json\/wp\/v2\/posts\/12579\/revisions\/12614"}],"wp:attachment":[{"href":"https:\/\/www.espronceda.net\/es\/wp-json\/wp\/v2\/media?parent=12579"}],"wp:term":[{"taxonomy":"category","embeddable":true,"href":"https:\/\/www.espronceda.net\/es\/wp-json\/wp\/v2\/categories?post=12579"},{"taxonomy":"post_tag","embeddable":true,"href":"https:\/\/www.espronceda.net\/es\/wp-json\/wp\/v2\/tags?post=12579"}],"curies":[{"name":"wp","href":"https:\/\/api.w.org\/{rel}","templated":true}]}}