{"id":16356,"date":"2018-09-08T19:13:02","date_gmt":"2018-09-08T17:13:02","guid":{"rendered":"https:\/\/www.espronceda.net\/art-i-educacio-crea-amb-nens-i-families\/"},"modified":"2020-04-15T08:50:04","modified_gmt":"2020-04-15T06:50:04","slug":"art-i-educacio-crea-amb-nens-i-families","status":"publish","type":"post","link":"https:\/\/www.espronceda.net\/es\/art-i-educacio-crea-amb-nens-i-families\/","title":{"rendered":"Arte y Educaci\u00f3n: crea con ni\u00f1os y familias"},"content":{"rendered":"<p><img loading=\"lazy\" decoding=\"async\" class=\"alignnone size-large wp-image-16351\" src=\"https:\/\/www.espronceda.net\/wp-content\/uploads\/2020\/04\/Nin\u0303os-12-09-flyer-1024x517.jpg\" alt=\"\" width=\"1024\" height=\"517\" srcset=\"https:\/\/www.espronceda.net\/wp-content\/uploads\/2020\/04\/Nin\u0303os-12-09-flyer-1024x517.jpg 1024w, https:\/\/www.espronceda.net\/wp-content\/uploads\/2020\/04\/Nin\u0303os-12-09-flyer-300x152.jpg 300w, https:\/\/www.espronceda.net\/wp-content\/uploads\/2020\/04\/Nin\u0303os-12-09-flyer-768x388.jpg 768w, https:\/\/www.espronceda.net\/wp-content\/uploads\/2020\/04\/Nin\u0303os-12-09-flyer-1280x647.jpg 1280w, https:\/\/www.espronceda.net\/wp-content\/uploads\/2020\/04\/Nin\u0303os-12-09-flyer.jpg 1754w\" sizes=\"auto, (max-width: 1024px) 100vw, 1024px\" \/><\/p>\n<p>Un taller para ni\u00f1os entre 5 y 9 a\u00f1os de edad conducido por la artista Savina Tarsitano y aplicaci\u00f3n de metodos de la <a href=\"https:\/\/tutti-frutti.be\/qui-sommes-nous\/\">Escuela de Idiomas para Ni\u00f1os Tutti Frutti<\/a>, de Bruselas.<\/p>\n<p>Interesados contactar: info@espronceda.net, plazas limitadas.<\/p>\n<p><a href=\"https:\/\/www.facebook.com\/events\/341577939919058\/\">Evento en facebook<\/a><\/p>\n","protected":false},"excerpt":{"rendered":"<p>Un taller para ni\u00f1os entre 5 y 9 a\u00f1os de edad conducido por la artista Savina Tarsitano y aplicaci\u00f3n de metodos de la Escuela de Idiomas para Ni\u00f1os Tutti Frutti, de Bruselas. Interesados contactar: info@espronceda.net, plazas limitadas. Evento en facebook<\/p>\n","protected":false},"author":1,"featured_media":0,"comment_status":"open","ping_status":"open","sticky":false,"template":"","format":"standard","meta":{"footnotes":""},"categories":[15],"tags":[],"class_list":["post-16356","post","type-post","status-publish","format-standard","hentry","category-talleres"],"_links":{"self":[{"href":"https:\/\/www.espronceda.net\/es\/wp-json\/wp\/v2\/posts\/16356","targetHints":{"allow":["GET"]}}],"collection":[{"href":"https:\/\/www.espronceda.net\/es\/wp-json\/wp\/v2\/posts"}],"about":[{"href":"https:\/\/www.espronceda.net\/es\/wp-json\/wp\/v2\/types\/post"}],"author":[{"embeddable":true,"href":"https:\/\/www.espronceda.net\/es\/wp-json\/wp\/v2\/users\/1"}],"replies":[{"embeddable":true,"href":"https:\/\/www.espronceda.net\/es\/wp-json\/wp\/v2\/comments?post=16356"}],"version-history":[{"count":3,"href":"https:\/\/www.espronceda.net\/es\/wp-json\/wp\/v2\/posts\/16356\/revisions"}],"predecessor-version":[{"id":16904,"href":"https:\/\/www.espronceda.net\/es\/wp-json\/wp\/v2\/posts\/16356\/revisions\/16904"}],"wp:attachment":[{"href":"https:\/\/www.espronceda.net\/es\/wp-json\/wp\/v2\/media?parent=16356"}],"wp:term":[{"taxonomy":"category","embeddable":true,"href":"https:\/\/www.espronceda.net\/es\/wp-json\/wp\/v2\/categories?post=16356"},{"taxonomy":"post_tag","embeddable":true,"href":"https:\/\/www.espronceda.net\/es\/wp-json\/wp\/v2\/tags?post=16356"}],"curies":[{"name":"wp","href":"https:\/\/api.w.org\/{rel}","templated":true}]}}