{"id":17459,"date":"2020-05-13T18:20:15","date_gmt":"2020-05-13T16:20:15","guid":{"rendered":"https:\/\/www.espronceda.net\/?p=17459"},"modified":"2020-05-14T10:42:40","modified_gmt":"2020-05-14T08:42:40","slug":"a-task-of-wonders-by-david-almeida","status":"publish","type":"post","link":"https:\/\/www.espronceda.net\/es\/a-task-of-wonders-by-david-almeida\/","title":{"rendered":"Una tarea de maravillas de David Almeida"},"content":{"rendered":"<p><img loading=\"lazy\" decoding=\"async\" class=\"size-large wp-image-17460 aligncenter\" src=\"https:\/\/www.espronceda.net\/wp-content\/uploads\/2020\/05\/David-Almeida-flyer-1024x576.jpg\" alt=\"\" width=\"1024\" height=\"576\" srcset=\"https:\/\/www.espronceda.net\/wp-content\/uploads\/2020\/05\/David-Almeida-flyer-1024x576.jpg 1024w, https:\/\/www.espronceda.net\/wp-content\/uploads\/2020\/05\/David-Almeida-flyer-300x169.jpg 300w, https:\/\/www.espronceda.net\/wp-content\/uploads\/2020\/05\/David-Almeida-flyer-768x432.jpg 768w, https:\/\/www.espronceda.net\/wp-content\/uploads\/2020\/05\/David-Almeida-flyer-1536x864.jpg 1536w, https:\/\/www.espronceda.net\/wp-content\/uploads\/2020\/05\/David-Almeida-flyer-2048x1152.jpg 2048w, https:\/\/www.espronceda.net\/wp-content\/uploads\/2020\/05\/David-Almeida-flyer-1280x720.jpg 1280w\" sizes=\"auto, (max-width: 1024px) 100vw, 1024px\" \/><\/p>\n<p><strong>David Almeida<\/strong><\/p>\n<p lang=\"en-US\" align=\"left\"><span style=\"color: #000000;\"><span style=\"font-family: Helvetica Neue, serif;\"><span style=\"font-family: Helvetica, serif;\"><span lang=\"en-US\">Licenciado <\/span><\/span><span style=\"font-family: Helvetica, serif;\"><span lang=\"pt-PT\">en Artes <\/span><\/span><span style=\"font-family: Helvetica, serif;\"><span lang=\"en-US\">por<\/span><\/span><span style=\"font-family: Helvetica, serif;\"><span lang=\"es-ES-u-co-trad\"> la Universidad de Brasilia, la investigaci\u00f3n de Almeida se desarrolla a trav<\/span><\/span><span style=\"font-family: Helvetica, serif;\"><span lang=\"fr-FR\">\u00e9s de m<\/span><\/span><span style=\"font-family: Helvetica, serif;\">\u00fa<\/span><span style=\"font-family: Helvetica, serif;\"><span lang=\"es-ES-u-co-trad\">ltiples idiomas como dibujo, objeto, fotograf<\/span><\/span><span style=\"font-family: Helvetica, serif;\">\u00ed<\/span><span style=\"font-family: Helvetica, serif;\"><span lang=\"es-ES-u-co-trad\">a, instalaciones, performance y, sobre todo, pintura. Su producci\u00f3n tiene como eje los problemas del espacio y el cuerpo andante, explorando la <\/span><\/span><span style=\"font-family: Helvetica, serif;\"><span lang=\"en-US\">visualizad<\/span><\/span><span style=\"font-family: Helvetica, serif;\"><span lang=\"es-ES-u-co-trad\"> del espacio <\/span><\/span><span style=\"font-family: Helvetica, serif;\">\u00ed<\/span><span style=\"font-family: Helvetica, serif;\"><span lang=\"es-ES-u-co-trad\">ntimo, el estudio, la ciudad y el paisaje natural.<\/span><\/span><\/span><\/span><\/p>\n<p lang=\"en-US\" align=\"left\"><span style=\"color: #000000;\"><span style=\"font-family: Helvetica Neue, serif;\"><span style=\"font-family: Helvetica, serif;\"><span lang=\"es-ES-u-co-trad\">Investiga los l<\/span><\/span><span style=\"font-family: Helvetica, serif;\">\u00ed<\/span><span style=\"font-family: Helvetica, serif;\"><span lang=\"es-ES-u-co-trad\">mites entre presencia y ausencia, el espacio pict\u00f3rico, elementos de la pintura y su sem<\/span><\/span><span style=\"font-family: Helvetica, serif;\">\u00e1<\/span><span style=\"font-family: Helvetica, serif;\"><span lang=\"pt-PT\">ntica narrativa que engendra conceptos de claustro, fantasmagor<\/span><\/span><span style=\"font-family: Helvetica, serif;\">\u00ed<\/span><span style=\"font-family: Helvetica, serif;\"><span lang=\"es-ES-u-co-trad\">a, rudeza social de la arquitectura de los grandes centros urbanos y la deriva como m<\/span><\/span><span style=\"font-family: Helvetica, serif;\"><span lang=\"fr-FR\">\u00e9<\/span><\/span><span style=\"font-family: Helvetica, serif;\"><span lang=\"es-ES-u-co-trad\">todo de estudio de lugares marginales y el paisaje.<\/span><\/span><\/span><\/span><\/p>\n<p lang=\"en-US\" align=\"left\"><span style=\"color: #000000;\"><span style=\"font-family: Helvetica Neue, serif;\"><span style=\"font-family: Helvetica, serif;\"><span lang=\"es-ES-u-co-trad\"><b>Una tarea de maravillas<\/b><\/span><\/span><\/span><\/span><\/p>\n<p lang=\"en-US\" align=\"left\"><span style=\"color: #000000;\"><span style=\"font-family: Helvetica Neue, serif;\"><span style=\"font-family: Helvetica, serif;\">Dej<\/span><span style=\"font-family: Helvetica, serif;\"><span lang=\"fr-FR\">\u00e9 <\/span><\/span><span style=\"font-family: Helvetica, serif;\"><span lang=\"it-IT\">mi pa<\/span><\/span><span style=\"font-family: Helvetica, serif;\">\u00ed<\/span><span style=\"font-family: Helvetica, serif;\"><span lang=\"es-ES-u-co-trad\">s de nacimiento por primera vez y en el camino conoc<\/span><\/span><span style=\"font-family: Helvetica, serif;\">\u00ed <\/span><span style=\"font-family: Helvetica, serif;\"><span lang=\"es-ES-u-co-trad\">la pandemia. De repente, el proceso de descubrir la tierra oculta y antigua que estaba planeando fue interrumpido y puesto en aislamiento obligatorio.<\/span><\/span><\/span><\/span><\/p>\n<p lang=\"en-US\" align=\"left\"><span style=\"color: #000000;\"><span style=\"font-family: Helvetica Neue, serif;\"><span style=\"font-family: Helvetica, serif;\"><span lang=\"es-ES-u-co-trad\">En este hogar provisional, experimentando los reveses del encierro y los cambios en la estructura del mundo, me encuentro investigando mi contexto, explorando los caminos a seguir en el trabajo y las razones para hacer arte aqu<\/span><\/span><span style=\"font-family: Helvetica, serif;\">\u00ed<\/span><span style=\"font-family: Helvetica, serif;\"><span lang=\"es-ES-u-co-trad\">. En medio de esto, me encuentro con el cap<\/span><\/span><span style=\"font-family: Helvetica, serif;\">\u00ed<\/span><span style=\"font-family: Helvetica, serif;\"><span lang=\"pt-PT\">tulo <\/span><\/span><span style=\"font-family: Helvetica, serif;\"><span lang=\"en-US\">\u00ab<\/span><\/span><span style=\"font-family: Helvetica, serif;\">Maravillas<\/span><span style=\"font-family: Helvetica, serif;\"><span lang=\"en-US\">\u00ab<\/span><\/span><span style=\"font-family: Helvetica, serif;\"><span lang=\"it-IT\"> del libro <\/span><\/span><span style=\"font-family: Helvetica, serif;\"><i>Natural: mente<\/i><\/span><span style=\"font-family: Helvetica, serif;\"><span lang=\"es-ES-u-co-trad\"> de Vilem Flusser, mientras leo los materiales complementarios de un grupo de estudio que comenc<\/span><\/span><span style=\"font-family: Helvetica, serif;\"><span lang=\"fr-FR\">\u00e9 <\/span><\/span><span style=\"font-family: Helvetica, serif;\"><span lang=\"es-ES-u-co-trad\">durante la cuarentena.<\/span><\/span><\/span><\/span><\/p>\n<p lang=\"en-US\" align=\"left\"><span style=\"color: #000000;\"><span style=\"font-family: Helvetica Neue, serif;\"><span style=\"font-family: Helvetica, serif;\"><span lang=\"fr-FR\">En \u00e9<\/span><\/span><span style=\"font-family: Helvetica, serif;\"><span lang=\"en-US\">l, Flusser describe c<\/span><\/span><span style=\"font-family: Helvetica, serif;\"><span lang=\"es-ES-u-co-trad\">\u00f3mo es estar frente a un paisaje y ver, qu<\/span><\/span><span style=\"font-family: Helvetica, serif;\"><span lang=\"fr-FR\">\u00e9 <\/span><\/span><span style=\"font-family: Helvetica, serif;\"><span lang=\"es-ES-u-co-trad\">es descubrir la naturaleza y c<\/span><\/span><span style=\"font-family: Helvetica, serif;\"><span lang=\"en-US\">\u00f3<\/span><\/span><span style=\"font-family: Helvetica, serif;\"><span lang=\"es-ES-u-co-trad\">mo siempre la vemos a trav<\/span><\/span><span style=\"font-family: Helvetica, serif;\"><span lang=\"fr-FR\">\u00e9<\/span><\/span><span style=\"font-family: Helvetica, serif;\"><span lang=\"es-ES-u-co-trad\">s de los ojos de nuestra cultura, descubri<\/span><\/span><span style=\"font-family: Helvetica, serif;\"><span lang=\"fr-FR\">\u00e9<\/span><\/span><span style=\"font-family: Helvetica, serif;\"><span lang=\"es-ES-u-co-trad\">ndola y entendi<\/span><\/span><span style=\"font-family: Helvetica, serif;\"><span lang=\"fr-FR\">\u00e9<\/span><\/span><span style=\"font-family: Helvetica, serif;\"><span lang=\"es-ES-u-co-trad\">ndola de acuerdo con lo que hemos visto antes. Afirma cu<\/span><\/span><span style=\"font-family: Helvetica, serif;\">\u00e1<\/span><span style=\"font-family: Helvetica, serif;\"><span lang=\"es-ES-u-co-trad\">n desesperada es la tarea de eliminar estas capas de cobertura de nuestros ojos porque estas mediaciones que se interponen entre nosotros y la naturaleza son nuestra forma de ponernos en la escena.<\/span><\/span><\/span><\/span><\/p>\n<p lang=\"en-US\" align=\"left\"><span style=\"color: #000000;\"><span style=\"font-family: Helvetica Neue, serif;\"><span style=\"font-family: Helvetica, serif;\"><span lang=\"es-ES-u-co-trad\">Me sorprendi\u00f3 un poco leer esto porque de alguna manera a\u00f1oraba, en este viaje, el descubrimiento del mundo completamente nuevo que estaba a punto de encontrar, esperaba diseccionarlo crudamente cuando lo encontraba en el entorno f<\/span><\/span><span style=\"font-family: Helvetica, serif;\">\u00ed<\/span><span style=\"font-family: Helvetica, serif;\"><span lang=\"es-ES-u-co-trad\">sico, llegar al paisaje sin intermediarios y contaminarse por su inminencia. Una tarea desesperada.<\/span><\/span><\/span><\/span><\/p>\n<p lang=\"en-US\" align=\"left\"><span style=\"color: #000000;\"><span style=\"font-family: Helvetica Neue, serif;\"><span style=\"font-family: Helvetica, serif;\"><span lang=\"es-ES-u-co-trad\">Pero Flusser en el mismo texto abre el camino a la soluci\u00f3n para mi experiencia inusual de residencia art<\/span><\/span><span style=\"font-family: Helvetica, serif;\">\u00ed<\/span><span style=\"font-family: Helvetica, serif;\"><span lang=\"es-ES-u-co-trad\">stica en un mundo confinado y para lo que ser<\/span><\/span><span style=\"font-family: Helvetica, serif;\">\u00ed<\/span><span style=\"font-family: Helvetica, serif;\"><span lang=\"es-ES-u-co-trad\">a la realizaci\u00f3n de esta exposici\u00f3<\/span><\/span><span style=\"font-family: Helvetica, serif;\">n. \u201c<\/span><span style=\"font-family: Helvetica, serif;\"><span lang=\"es-ES-u-co-trad\">El mundo es maravilloso porque si lo descubro desaparece, si lo dejo cubierto se vuelve horrible. Y finalmente, porque las dos alternativas no son opciones reales: estoy obligado a ambas.<\/span><\/span><span style=\"font-family: Helvetica, serif;\"><span lang=\"en-US\">\u201d <\/span><\/span><span style=\"font-family: Helvetica, serif;\"><span lang=\"es-ES-u-co-trad\">El mundo de hoy es esta tierra donde no puedo explorar completamente y el misterio instiga su construcci\u00f3n en mi mente. Escucho historias de otras <\/span><\/span><span style=\"font-family: Helvetica, serif;\"><span lang=\"fr-FR\">\u00e9<\/span><\/span><span style=\"font-family: Helvetica, serif;\"><span lang=\"es-ES-u-co-trad\">pocas y el encanto sucede en el momento en que se encuentran con las cosas que me trasladaron aqu<\/span><\/span><span style=\"font-family: Helvetica, serif;\">\u00ed<\/span><span style=\"font-family: Helvetica, serif;\"><span lang=\"es-ES-u-co-trad\">, las cosas que traje en mi mochila. Esta suspensi\u00f3n del tiempo que vivimos nos lleva a la s<\/span><\/span><span style=\"font-family: Helvetica, serif;\">\u00ed<\/span><span style=\"font-family: Helvetica, serif;\"><span lang=\"es-ES-u-co-trad\">ntesis de las dos alternativas de Flusser a las que estamos condenados. Lo que nos queda es el ejercicio completo de asombro sin ver. La construcci\u00f3n libre del mundo como una forma de cambiarlo y dejarse encantar por <\/span><\/span><span style=\"font-family: Helvetica, serif;\"><span lang=\"fr-FR\">\u00e9<\/span><\/span><span style=\"font-family: Helvetica, serif;\"><span lang=\"es-ES-u-co-trad\">l. Y pintar, aqu<\/span><\/span><span style=\"font-family: Helvetica, serif;\">\u00ed <\/span><span style=\"font-family: Helvetica, serif;\"><span lang=\"es-ES-u-co-trad\">de nuevo y siempre, como una tarea de maravillas.<\/span><\/span><\/span><\/span><\/p>\n<p lang=\"en-US\" align=\"left\"><span style=\"color: #000000;\"><span style=\"font-family: Helvetica Neue, serif;\"><span style=\"font-family: Helvetica, serif;\">***<\/span><\/span><\/span><\/p>\n<p lang=\"en-US\" align=\"left\"><span style=\"color: #000000;\"><span style=\"font-family: Helvetica Neue, serif;\"><span style=\"font-family: Helvetica, serif;\"><span lang=\"es-ES-u-co-trad\">La exposici\u00f3n consta de pinturas en diversos formatos con im<\/span><\/span><span style=\"font-family: Helvetica, serif;\">\u00e1<\/span><span style=\"font-family: Helvetica, serif;\"><span lang=\"es-ES-u-co-trad\">genes de paisajes catalanes, abstracciones de im<\/span><\/span><span style=\"font-family: Helvetica, serif;\">\u00e1<\/span><span style=\"font-family: Helvetica, serif;\"><span lang=\"es-ES-u-co-trad\">genes recurrentes de la vida cotidiana en el Instituto de Arte de Espronceda y diversas referencias culturales encontradas en el viaje por Espa\u00f1a antes de la pandemia.<\/span><\/span><\/span><\/span><\/p>\n<p lang=\"en-US\" align=\"left\"><a href=\"https:\/\/www.espronceda.net\/?portfolio=david-almeida\">Sobre el artista<\/a><\/p>\n<p lang=\"en-US\" align=\"left\"><a href=\"https:\/\/www.facebook.com\/events\/255207242199831\/\">Event on facebook<\/a><\/p>\n\n\n<p><\/p>\n","protected":false},"excerpt":{"rendered":"<p>David Almeida Licenciado en Artes por la Universidad de Brasilia, la investigaci\u00f3n de Almeida se desarrolla a trav\u00e9s de m\u00faltiples idiomas como dibujo, objeto, fotograf\u00eda, instalaciones, performance y, sobre todo, pintura. Su producci\u00f3n tiene como eje los problemas del espacio y el cuerpo andante, explorando la visualizad del espacio \u00edntimo, el estudio, la ciudad y el paisaje natural. Investiga los [&hellip;]<\/p>\n","protected":false},"author":1,"featured_media":0,"comment_status":"open","ping_status":"open","sticky":false,"template":"","format":"standard","meta":{"footnotes":""},"categories":[28,24,25,44],"tags":[],"class_list":["post-17459","post","type-post","status-publish","format-standard","hentry","category-eventos","category-events","category-past-events","category-upcoming-events-es"],"_links":{"self":[{"href":"https:\/\/www.espronceda.net\/es\/wp-json\/wp\/v2\/posts\/17459","targetHints":{"allow":["GET"]}}],"collection":[{"href":"https:\/\/www.espronceda.net\/es\/wp-json\/wp\/v2\/posts"}],"about":[{"href":"https:\/\/www.espronceda.net\/es\/wp-json\/wp\/v2\/types\/post"}],"author":[{"embeddable":true,"href":"https:\/\/www.espronceda.net\/es\/wp-json\/wp\/v2\/users\/1"}],"replies":[{"embeddable":true,"href":"https:\/\/www.espronceda.net\/es\/wp-json\/wp\/v2\/comments?post=17459"}],"version-history":[{"count":6,"href":"https:\/\/www.espronceda.net\/es\/wp-json\/wp\/v2\/posts\/17459\/revisions"}],"predecessor-version":[{"id":17494,"href":"https:\/\/www.espronceda.net\/es\/wp-json\/wp\/v2\/posts\/17459\/revisions\/17494"}],"wp:attachment":[{"href":"https:\/\/www.espronceda.net\/es\/wp-json\/wp\/v2\/media?parent=17459"}],"wp:term":[{"taxonomy":"category","embeddable":true,"href":"https:\/\/www.espronceda.net\/es\/wp-json\/wp\/v2\/categories?post=17459"},{"taxonomy":"post_tag","embeddable":true,"href":"https:\/\/www.espronceda.net\/es\/wp-json\/wp\/v2\/tags?post=17459"}],"curies":[{"name":"wp","href":"https:\/\/api.w.org\/{rel}","templated":true}]}}