{"id":20906,"date":"2021-07-17T12:22:30","date_gmt":"2021-07-17T10:22:30","guid":{"rendered":"https:\/\/www.espronceda.net\/?p=20906"},"modified":"2021-07-21T20:58:38","modified_gmt":"2021-07-21T18:58:38","slug":"sustainable-views","status":"publish","type":"post","link":"https:\/\/www.espronceda.net\/es\/sustainable-views\/","title":{"rendered":"Sustainable Views"},"content":{"rendered":"<p><img loading=\"lazy\" decoding=\"async\" class=\"aligncenter wp-image-20900 size-large\" src=\"https:\/\/www.espronceda.net\/wp-content\/uploads\/2021\/07\/218374658_1962954897196977_6066249331330032130_n-1024x576.jpg\" alt=\"\" width=\"1024\" height=\"576\" srcset=\"https:\/\/www.espronceda.net\/wp-content\/uploads\/2021\/07\/218374658_1962954897196977_6066249331330032130_n-1024x576.jpg 1024w, https:\/\/www.espronceda.net\/wp-content\/uploads\/2021\/07\/218374658_1962954897196977_6066249331330032130_n-300x169.jpg 300w, https:\/\/www.espronceda.net\/wp-content\/uploads\/2021\/07\/218374658_1962954897196977_6066249331330032130_n-768x432.jpg 768w, https:\/\/www.espronceda.net\/wp-content\/uploads\/2021\/07\/218374658_1962954897196977_6066249331330032130_n-1536x864.jpg 1536w, https:\/\/www.espronceda.net\/wp-content\/uploads\/2021\/07\/218374658_1962954897196977_6066249331330032130_n-1280x720.jpg 1280w, https:\/\/www.espronceda.net\/wp-content\/uploads\/2021\/07\/218374658_1962954897196977_6066249331330032130_n.jpg 1920w\" sizes=\"auto, (max-width: 1024px) 100vw, 1024px\" \/><\/p>\n<p>&nbsp;<\/p>\n<p style=\"text-align: center;\"><strong>Exhibition Date<\/strong>: from July 20th to 24th, 2021<br \/>\n<strong>Opening<\/strong>: July 20th from 7 pm to 9 pm.<\/p>\n<p style=\"text-align: center;\"><strong>Gallery opening hours<\/strong>: Monday to Saturday | 4 pm to 8 pm<\/p>\n<p>&nbsp;<\/p>\n<h2 style=\"text-align: center;\"><strong>SUSTAINABLE VIEWS<\/strong><\/h2>\n<p style=\"text-align: center;\"><strong>Curated by<\/strong>: IF &#8211; Imagine the Future<\/p>\n<p style=\"text-align: center;\"><strong>Winner artists<\/strong>: Giacomo Graziano &amp; Riccardo Grando, Marta Ciolkowska,<\/p>\n<p style=\"text-align: center;\"><strong>Special Mention<\/strong>: Giovanni Chiamenti<\/p>\n<p style=\"text-align: center;\"><strong>Mapping selected artists<\/strong>: Mustapha Benghernaout, Sandrine Deumier, Studio Fuzzy, Zoe<\/p>\n<p style=\"text-align: center;\">Gruni, Paulius Sliupa, Emanuele Dainotti, Hana Yoo, Sandra Lapage<\/p>\n<p>&nbsp;<\/p>\n<div class=\"kvgmc6g5 cxmmr5t8 oygrvhab hcukyx3x c1et5uql\">\n<p>Espronceda &#8211; Institute of Art and Culture se complace en presentar la exposici\u00f3n \u00abVistas Sostenibles\u00bb, comisariada por IF &#8211; Imagine the Future, basada en la convocatoria abierta hom\u00f3nima (Dove lo Getto) dirigido a artistas activos en el campo del videoarte e interesados \u200b\u200ben ofrecer una visi\u00f3n creativa sobre el tema de la sostenibilidad ambiental y social. El proyecto naci\u00f3 gracias a la colaboraci\u00f3n entre Instituciones Internacionales: Tur\u00edn, Biella (Italia) y Barcelona (Espa\u00f1a): Cittadellarte &#8211; Fondazione Pistoletto, PAV &#8211; Parco Arte Vivente, Espronceda &#8211; Instituto de Arte y Cultura, Ok Bio, IF.<\/p>\n<p>La exposici\u00f3n \u201cVistas sostenibles\u201d se presenta como uno de los premios que se ofrecen a los artistas ganadores de la convocatoria abierta, a la que los organismos colaboradores han decidido apoyar a otros ocho artistas considerados dignos de exposici\u00f3n. La intenci\u00f3n de potenciar aquellas obras de videoarte y realidad virtual que muestren una profunda reflexi\u00f3n sobre el tema de la sostenibilidad. Los artistas, cada uno con su propio lenguaje creativo y expresivo, a trav\u00e9s de sus obras pretenden concienciar sobre el tema de la sostenibilidad ambiental y social a trav\u00e9s de diferentes enfoques: cr\u00edtico, ut\u00f3pico o proactivo. Las obras expuestas ofrecen as\u00ed una amplia reflexi\u00f3n sobre el cambio clim\u00e1tico, sobre la necesidad de un reciclaje responsable, sobre la salvaguarda del ecosistema natural y sobre una visi\u00f3n de futuro poshumana, zoeigualitaria y ecofeminista. En esta \u00e9poca caracterizada por el antropocentrismo y las crisis clim\u00e1ticas urgentes, el arte asume m\u00e1s que nunca un importante papel educativo y \u00e9tico a trav\u00e9s del cual leer la historia ambiental actual y al mismo tiempo convertirse en una forma de expresi\u00f3n profunda, un motor de conciencia y cambio, para conducir a la aparici\u00f3n de comportamientos resilientes frente a los problemas ecol\u00f3gicos actuales.<\/p>\n<p>El autor de Bottlefield fue premiado con la Residencia UNIDEE, promovida por Cittadellarte &#8211; Fundaci\u00f3n Pistoletto, residencia art\u00edstica de una semana; Los autores de Against the Tide, por su parte, recibir\u00e1n el Premio Taller, promovido por Parco Arte Vivente, que incluye la participaci\u00f3n en un taller realizado por los artistas incluidos en el programa de arte de la PAV, con la presentaci\u00f3n de su obra en el Parco. Arte Vivente. Las dos obras ganadoras, junto con la menci\u00f3n de honor Overlayed Symbiosis de Giovanni Chiamenti, se presentan en Espronceda, Instituto de Arte y Cultura de Barcelona y en Cittadellarte-Fondazione Pistoletto el 30 de octubre con motivo de Arte al Centro.<\/p>\n<p>&nbsp;<\/p>\n<h3 style=\"text-align: center;\">Artistas y obras ganadores<\/h3>\n<p><strong><br \/>\n<img loading=\"lazy\" decoding=\"async\" class=\" wp-image-20917 alignleft\" src=\"https:\/\/www.espronceda.net\/wp-content\/uploads\/2021\/07\/Screenshot-2021-07-21-204307-300x169.png\" alt=\"\" width=\"318\" height=\"179\" srcset=\"https:\/\/www.espronceda.net\/wp-content\/uploads\/2021\/07\/Screenshot-2021-07-21-204307-300x169.png 300w, https:\/\/www.espronceda.net\/wp-content\/uploads\/2021\/07\/Screenshot-2021-07-21-204307.png 670w\" sizes=\"auto, (max-width: 318px) 100vw, 318px\" \/>Giacomo Graziano &amp; Riccardo Grando, AGAINST THE TIDE\u00a0 (CONTRA LA MAREA) &#8211; (Ganadores)<\/strong><\/p>\n<p>Esta es la historia de la Environmental Foundation for Africa, una organizaci\u00f3n nacida en Sierra Leona en oposici\u00f3n a los dram\u00e1ticos eventos sociales y clim\u00e1ticos del pa\u00eds. A pesar de una guerra civil de casi diez a\u00f1os y una epidemia de \u00e9bola m\u00e1s reciente que afect\u00f3 a miles de personas, la EPT siempre ha tratado de ayudar a la comunidad mediante la introducci\u00f3n de programas ecol\u00f3gicos. A trav\u00e9s de las palabras del fundador Tommy Garnett, el documental relata los desaf\u00edos y eventos desde 1992 hasta la actualidad.<\/p>\n<p>Giacomo Graziano es psic\u00f3logo y director. Cofundador de Krolik Films Production, productora independiente nacida en Tur\u00edn en 2017. Ha escrito varios cortometrajes y colaborado con productoras nacionales e internacionales. Hoy trabaja como Data Manager en el mundo de la televisi\u00f3n y como director y copywriter de Krolik Films.<\/p>\n<p>Riccardo Grando es licenciado en Artes, M\u00fasica y Artes Esc\u00e9nicas. Como director, editor y operador ha tenido diversas experiencias en el campo de la comunicaci\u00f3n y el video-marketing a trav\u00e9s de su formaci\u00f3n profesional con importantes agencias y empresas del norte de Italia. Hoy trabaja como videasta para Treedom Italia.<\/p>\n<p>&nbsp;<\/p>\n<p><strong><img loading=\"lazy\" decoding=\"async\" class=\"alignleft wp-image-20920\" src=\"https:\/\/www.espronceda.net\/wp-content\/uploads\/2021\/07\/Screenshot-2021-07-21-204307-1-300x169.png\" alt=\"\" width=\"311\" height=\"175\" srcset=\"https:\/\/www.espronceda.net\/wp-content\/uploads\/2021\/07\/Screenshot-2021-07-21-204307-1-300x169.png 300w, https:\/\/www.espronceda.net\/wp-content\/uploads\/2021\/07\/Screenshot-2021-07-21-204307-1.png 672w\" sizes=\"auto, (max-width: 311px) 100vw, 311px\" \/>Marta Ciolkowska &#8211; BOTTLEFIELD (Winner)<\/strong><\/p>\n<p>Los humanos han usado armas durante demasiados a\u00f1os para matarse unos a otros. Pero parece que han adoptado, cada vez m\u00e1s en los \u00faltimos a\u00f1os, otro invento nacido para ayudar a las personas en su vida en com\u00fan: el pl\u00e1stico. Un material que ha resultado ser un arma, incluso m\u00e1s poderosa que las bombas y los fusiles, una \u00abplaga\u00bb que poco a poco afecta a toda la humanidad. En el video de \u00abBottlefield\u00bb, nos encontramos bajo el agua, como si estuvi\u00e9ramos nadando y mirando hacia el cielo, cuando de repente comenzamos a ver tapas de botellas, aterrizando con fuerza en la superficie del agua. Al igual que las bombas reales, la escena se va llenando de tapones de pl\u00e1stico, que restringen (cada vez m\u00e1s) la vista y reducen los \u00faltimos rayos de sol que penetran por ellos. O\u00edmos un ruido fren\u00e9tico, luego un estruendo fuerte que hace que la imponente masa pl\u00e1stica se mueva hacia el fondo, cuando inmediatamente despu\u00e9s vemos una mano hurgando en el mont\u00f3n de tapas de botellas que desciende cada vez m\u00e1s al fondo arrastr\u00e1ndonos a la superficie. Con el video \u201cBottlefield\u201d se plantean importantes cuestiones a las que el ser humano necesariamente debe responder y encontrar, con diligente cuidado y acciones, soluciones v\u00e1lidas para evitar su desaparici\u00f3n y extinci\u00f3n definitiva.<\/p>\n<p>Marta Ciolkowska tiene una Maestr\u00eda en Dise\u00f1o de Interiores de la Academia de Bellas Artes Strzemi\u0144ski en \u0141\u00f3d\u017a (Polonia). Se ocupa de la gr\u00e1fica, la escultura, el v\u00eddeo y la instalaci\u00f3n. Tuvo la oportunidad de colaborar con artistas polacos e italianos como Piotr Janowski, Marinella Senatore, Alosha, Francesco Di Giovanni. Est\u00e1 presente en numerosos cat\u00e1logos y publicaciones de exposiciones y eventos art\u00edsticos.<\/p>\n<p>&nbsp;<\/p>\n<p>&nbsp;<\/p>\n<p><strong><img loading=\"lazy\" decoding=\"async\" class=\"alignleft size-medium wp-image-20923\" src=\"https:\/\/www.espronceda.net\/wp-content\/uploads\/2021\/07\/Screenshot-2021-07-21-204307-2-170x300.png\" alt=\"\" width=\"170\" height=\"300\" srcset=\"https:\/\/www.espronceda.net\/wp-content\/uploads\/2021\/07\/Screenshot-2021-07-21-204307-2-170x300.png 170w, https:\/\/www.espronceda.net\/wp-content\/uploads\/2021\/07\/Screenshot-2021-07-21-204307-2.png 321w\" sizes=\"auto, (max-width: 170px) 100vw, 170px\" \/>Giovanni Chiamenti, OVERLAYED SYMBIOSIS (Special Mention)<\/strong><\/p>\n<p>\u201cOverlayed Symbiosis\u201d reflexiona sobre el papel y comportamiento del hombre dentro de su ecosistema, como una entidad determinada por un din\u00e1mico y complejo sistema de relaciones e interdependencias, a partir del concepto de \u201csimpoiesis\u201d analizado por Donna Haraway. El ser humano como compost debe convivir y convivir con otras criaturas terrestres haciendo parientes, es decir, estableciendo lazos simbi\u00f3ticos que podr\u00edan ser \u00fatiles para regenerar la fractura con la naturaleza provocada por ellos. Compost significa mundanalidad. No todo el mundo tiene el mismo peso dentro de ella, hay quienes son m\u00e1s responsables que otros en este incesante trabajo de composici\u00f3n-descomposici\u00f3n. Para vivir juntos en nuestro planeta no necesitamos antagonismo sino sinton\u00eda; sin visi\u00f3n de t\u00fanel sino m\u00e1s bien multifocalidad; no alienaci\u00f3n sino m\u00e1s bien simbiosis. Ya no existe una distinci\u00f3n entre hu\u00e9sped y par\u00e1sito.<\/p>\n<p>Giovanni Chiamenti tiene una maestr\u00eda en pintura de la Academia de Bellas Artes de Brera en Mil\u00e1n. Ha expuesto en varias exposiciones colectivas en Italia y en el extranjero y ha participado en talleres con artistas internacionales como Jorge Peris y Mathieu Bernard-Reymond. En 2018 estuvo en residencia en la Escuela de Artes Visuales de Nueva York y entre los finalistas del Premio Francesco Fabbri de Arte Contempor\u00e1neo. En 2019 inaugur\u00f3 su primera exposici\u00f3n individual en spazioSERRA (Mil\u00e1n, IT). En 2021 ocup\u00f3 el segundo lugar en el Premio Exibart e inaugur\u00f3 dos exposiciones individuales en los espacios de la Galer\u00eda Daniele Agostini (Lugano, CH) y la Galer\u00eda Marrocco (N\u00e1poles, IT).<\/p>\n<\/div>\n<h3><\/h3>\n<p>&nbsp;<\/p>\n<h3 style=\"text-align: center;\">Durante la exposici\u00f3n tambi\u00e9n se presentar\u00e1 una rese\u00f1a de las obras seleccionadas:<\/h3>\n<p>Sandrine Deumier &#8211; Falling<br \/>\nTekla Gedeon &amp; Sebastian Gschanes (Studio Fuzzy) &#8211; Extended Forest<br \/>\nZoe Gruni &#8211; Segunda Pele<br \/>\nPaulius \u0160liaupa &#8211; Ritual<br \/>\nMustapha Benghernaout &#8211; Aman Iman (Water Is Life)<br \/>\nEmanuele Dainotti &#8211; Footprint \/ Chapter Belgium<br \/>\nHana Yoo &#8211; Antropology Of Dead Body<br \/>\nSandra Lapage &#8211; Sharp Garments For Desperate Shamans: Carapace<\/p>\n<p>&nbsp;<\/p>\n<h3 style=\"text-align: center;\"><strong>Promoters<\/strong><\/h3>\n<p><strong>Espronceda &#8211; Institute of Art and Culture<\/strong> es un centro innovador de producci\u00f3n art\u00edstica contempor\u00e1nea fundado en 2013 en Barcelona. Espronceda ofrece una plataforma internacional y un entorno multidisciplinar para artistas, curadores y todos aquellos que creen en la importancia del arte, la cultura y la educaci\u00f3n. El centro promueve a artistas consagrados y aspirantes y los acompa\u00f1a a desarrollar sus proyectos y creatividad y a difundir la inspiraci\u00f3n m\u00e1s all\u00e1 de su permanencia f\u00edsica en el espacio.<\/p>\n<p><strong>Cittadellarte &#8211; Fondazione Pistoletto<\/strong>: es una fundaci\u00f3n art\u00edstica y cultural dedicada desde hace m\u00e1s de 20 a\u00f1os al estudio, experimentaci\u00f3n y desarrollo de pr\u00e1cticas para la transformaci\u00f3n social responsable a trav\u00e9s de la interacci\u00f3n directa con el arte.<\/p>\n<p><strong>PAV &#8211; Living Art Park<\/strong>: es un centro experimental de arte contempor\u00e1neo, lugar de encuentro y laboratorio de experiencias orientadas al di\u00e1logo entre arte y naturaleza, biotecnolog\u00eda y ecolog\u00eda, entre p\u00fablico y artistas. Colectivo IF: se ocupa del estudio, dise\u00f1o, comisariado y preparaci\u00f3n de exposiciones, eventos y actividades art\u00edstico-culturales con el objetivo de informar y sensibilizar a la ciudadan\u00eda sobre temas ambientales y sociales de importancia de manera innovadora.<\/p>\n<p><strong>Ok Bio:<\/strong> una nueva marca enfocada en productos compostables desechables para la hosteler\u00eda, en l\u00ednea con las nuevas pol\u00edticas europeas en materia de pl\u00e1sticos de un solo uso.<\/p>\n<p>&nbsp;<\/p>\n<p style=\"text-align: center;\">[supsystic-gallery id=11 position=center]\n","protected":false},"excerpt":{"rendered":"<p>&nbsp; Exhibition Date: from July 20th to 24th, 2021 Opening: July 20th from 7 pm to 9 pm. Gallery opening hours: Monday to Saturday | 4 pm to 8 pm &nbsp; SUSTAINABLE VIEWS Curated by: IF &#8211; Imagine the Future Winner artists: Giacomo Graziano &amp; Riccardo Grando, Marta Ciolkowska, Special Mention: Giovanni Chiamenti Mapping selected artists: Mustapha Benghernaout, Sandrine Deumier, [&hellip;]<\/p>\n","protected":false},"author":1,"featured_media":0,"comment_status":"open","ping_status":"open","sticky":false,"template":"","format":"standard","meta":{"footnotes":""},"categories":[28,44],"tags":[],"class_list":["post-20906","post","type-post","status-publish","format-standard","hentry","category-eventos","category-upcoming-events-es"],"_links":{"self":[{"href":"https:\/\/www.espronceda.net\/es\/wp-json\/wp\/v2\/posts\/20906","targetHints":{"allow":["GET"]}}],"collection":[{"href":"https:\/\/www.espronceda.net\/es\/wp-json\/wp\/v2\/posts"}],"about":[{"href":"https:\/\/www.espronceda.net\/es\/wp-json\/wp\/v2\/types\/post"}],"author":[{"embeddable":true,"href":"https:\/\/www.espronceda.net\/es\/wp-json\/wp\/v2\/users\/1"}],"replies":[{"embeddable":true,"href":"https:\/\/www.espronceda.net\/es\/wp-json\/wp\/v2\/comments?post=20906"}],"version-history":[{"count":3,"href":"https:\/\/www.espronceda.net\/es\/wp-json\/wp\/v2\/posts\/20906\/revisions"}],"predecessor-version":[{"id":20958,"href":"https:\/\/www.espronceda.net\/es\/wp-json\/wp\/v2\/posts\/20906\/revisions\/20958"}],"wp:attachment":[{"href":"https:\/\/www.espronceda.net\/es\/wp-json\/wp\/v2\/media?parent=20906"}],"wp:term":[{"taxonomy":"category","embeddable":true,"href":"https:\/\/www.espronceda.net\/es\/wp-json\/wp\/v2\/categories?post=20906"},{"taxonomy":"post_tag","embeddable":true,"href":"https:\/\/www.espronceda.net\/es\/wp-json\/wp\/v2\/tags?post=20906"}],"curies":[{"name":"wp","href":"https:\/\/api.w.org\/{rel}","templated":true}]}}