{"id":25629,"date":"2023-06-27T21:05:17","date_gmt":"2023-06-27T19:05:17","guid":{"rendered":"https:\/\/www.espronceda.net\/?p=25629"},"modified":"2023-06-27T21:05:17","modified_gmt":"2023-06-27T19:05:17","slug":"convencion-anual-neb-lab-2023-ecosistema-cultura-sostenible","status":"publish","type":"post","link":"https:\/\/www.espronceda.net\/es\/convencion-anual-neb-lab-2023-ecosistema-cultura-sostenible\/","title":{"rendered":"CONVENCI\u00d3N ANUAL NEB LAB 2023 \u2013 Ecosistema Cultura Sostenible"},"content":{"rendered":"<p style=\"text-align: center;\"><strong>CONVENCI\u00d3N ANUAL NEB LAB 2023 \u2013 Ecosistema Cultura Sostenible.<\/strong><\/p>\n<p style=\"text-align: center;\">Fecha: 29 de Junio 2023<\/p>\n<p><img loading=\"lazy\" decoding=\"async\" class=\"aligncenter wp-image-25630 size-medium\" src=\"https:\/\/www.espronceda.net\/wp-content\/uploads\/2023\/06\/Flyer_ECS_2-211x300.png\" alt=\"\" width=\"211\" height=\"300\" srcset=\"https:\/\/www.espronceda.net\/wp-content\/uploads\/2023\/06\/Flyer_ECS_2-211x300.png 211w, https:\/\/www.espronceda.net\/wp-content\/uploads\/2023\/06\/Flyer_ECS_2-722x1024.png 722w, https:\/\/www.espronceda.net\/wp-content\/uploads\/2023\/06\/Flyer_ECS_2-768x1090.png 768w, https:\/\/www.espronceda.net\/wp-content\/uploads\/2023\/06\/Flyer_ECS_2-1083x1536.png 1083w, https:\/\/www.espronceda.net\/wp-content\/uploads\/2023\/06\/Flyer_ECS_2-1444x2048.png 1444w, https:\/\/www.espronceda.net\/wp-content\/uploads\/2023\/06\/Flyer_ECS_2-1280x1816.png 1280w, https:\/\/www.espronceda.net\/wp-content\/uploads\/2023\/06\/Flyer_ECS_2.png 1748w\" sizes=\"auto, (max-width: 211px) 100vw, 211px\" \/><\/p>\n<p style=\"text-align: center;\">Link de inscripci\u00f3n: <a href=\"https:\/\/docs.google.com\/forms\/d\/e\/1FAIpQLScNvDGbgIX3bUapZg-fuF0B2CiHFeR5WdRZwLWo4EPrb9W4Bg\/viewform?usp=sf_link\">https:\/\/docs.google.com\/forms\/d\/e\/1FAIpQLScNvDGbgIX3bUapZg-fuF0B2CiHFeR5WdRZwLWo4EPrb9W4Bg\/viewform?usp=sf_link<\/a><\/p>\n<p>&nbsp;<\/p>\n<p><strong>Programa\u00a0<\/strong><\/p>\n<p>10h30-11h00. Recepci\u00f3n de los invitados.<\/p>\n<p>11h-11h10 Introducci\u00f3n a NEB Lab \u2013 Cultura Sostenible y Emprendedora.<\/p>\n<p>11h15-11h30. Presentaci\u00f3n acciones Ecosistema Cultura Sostenible. Savina\u00a0Tarsitano<\/p>\n<p>11h30-12h00. Instituciones que impulsan comunidades:<\/p>\n<p>Fundaci\u00f3 Catalunya Cultura, Fundaci\u00f3 Epica.<\/p>\n<p>12h-12h15. Pausa caf\u00e9.<\/p>\n<p>12h15-13h. Instituciones con impacto social: Volungo,<\/p>\n<p>13h-13h30 \u2013 Debate sobre New European Bauhaus. Entre todos los ponentes que asisten.<\/p>\n<p>13h30-14h30. Aperitivo y networking. Visita de la exposici\u00f3n Ecosistema de Cultura\u00a0sostenible.<\/p>\n","protected":false},"excerpt":{"rendered":"<p>CONVENCI\u00d3N ANUAL NEB LAB 2023 \u2013 Ecosistema Cultura Sostenible. Fecha: 29 de Junio 2023 Link de inscripci\u00f3n: https:\/\/docs.google.com\/forms\/d\/e\/1FAIpQLScNvDGbgIX3bUapZg-fuF0B2CiHFeR5WdRZwLWo4EPrb9W4Bg\/viewform?usp=sf_link &nbsp; Programa\u00a0 10h30-11h00. Recepci\u00f3n de los invitados. 11h-11h10 Introducci\u00f3n a NEB Lab \u2013 Cultura Sostenible y Emprendedora. 11h15-11h30. Presentaci\u00f3n acciones Ecosistema Cultura Sostenible. Savina\u00a0Tarsitano 11h30-12h00. Instituciones que impulsan comunidades: Fundaci\u00f3 Catalunya Cultura, Fundaci\u00f3 Epica. 12h-12h15. Pausa caf\u00e9. 12h15-13h. Instituciones con impacto social: [&hellip;]<\/p>\n","protected":false},"author":24,"featured_media":0,"comment_status":"open","ping_status":"open","sticky":false,"template":"","format":"standard","meta":{"footnotes":""},"categories":[24],"tags":[],"class_list":["post-25629","post","type-post","status-publish","format-standard","hentry","category-events"],"_links":{"self":[{"href":"https:\/\/www.espronceda.net\/es\/wp-json\/wp\/v2\/posts\/25629","targetHints":{"allow":["GET"]}}],"collection":[{"href":"https:\/\/www.espronceda.net\/es\/wp-json\/wp\/v2\/posts"}],"about":[{"href":"https:\/\/www.espronceda.net\/es\/wp-json\/wp\/v2\/types\/post"}],"author":[{"embeddable":true,"href":"https:\/\/www.espronceda.net\/es\/wp-json\/wp\/v2\/users\/24"}],"replies":[{"embeddable":true,"href":"https:\/\/www.espronceda.net\/es\/wp-json\/wp\/v2\/comments?post=25629"}],"version-history":[{"count":1,"href":"https:\/\/www.espronceda.net\/es\/wp-json\/wp\/v2\/posts\/25629\/revisions"}],"predecessor-version":[{"id":25633,"href":"https:\/\/www.espronceda.net\/es\/wp-json\/wp\/v2\/posts\/25629\/revisions\/25633"}],"wp:attachment":[{"href":"https:\/\/www.espronceda.net\/es\/wp-json\/wp\/v2\/media?parent=25629"}],"wp:term":[{"taxonomy":"category","embeddable":true,"href":"https:\/\/www.espronceda.net\/es\/wp-json\/wp\/v2\/categories?post=25629"},{"taxonomy":"post_tag","embeddable":true,"href":"https:\/\/www.espronceda.net\/es\/wp-json\/wp\/v2\/tags?post=25629"}],"curies":[{"name":"wp","href":"https:\/\/api.w.org\/{rel}","templated":true}]}}